{"id":1047,"date":"2026-04-23T19:54:06","date_gmt":"2026-04-23T17:54:06","guid":{"rendered":"http:\/\/reformasbarcelona.info\/?p=1047"},"modified":"2026-04-24T20:17:45","modified_gmt":"2026-04-24T18:17:45","slug":"presupuesto-reforma-integral-bano","status":"publish","type":"post","link":"https:\/\/reformasbarcelona.info\/ca\/pressuposat-reforma-integral-bany\/","title":{"rendered":"Pressuposat reforma integral bany"},"content":{"rendered":"<p><\/p>\n<header style=\"border-bottom: 2px solid #eee; padding-bottom: 20px; margin-bottom: 30px;\">\n<h1>Cas Real: Reforma Integral de Bany al Districte de Sant Mart\u00ed, Barcelona<\/h1>\n<p style=\"font-size: 1.1em; color: #555;\"><strong>Client:<\/strong> Particular | <strong>Superf\u00edcie:<\/strong> 4,3 m\u00b2 | <strong>Data:<\/strong> Mar\u00e7 de 2026 | <strong>Durada:<\/strong> 8 dies h\u00e0bils | <strong>Inversi\u00f3 Total: 4.650\u20ac+ 10% d&#8217;IVA<\/strong><\/p>\n<\/header>\n<section id=\"presupuesto-real\">\n<h2>Desglossament del Pressupost Acceptat<\/h2>\n<p>A continuaci\u00f3 veur\u00e0s el que va pagar aquest client. Si has vist un material diferent, <strong>enganxa la URL a la casella corresponent<\/strong> i calcularem la difer\u00e8ncia de preu per a tu:<br \/>\n\n<div class=\"wpcf7 no-js\" id=\"wpcf7-f80942-o2\" lang=\"es-ES\" dir=\"ltr\" data-wpcf7-id=\"80942\">\n<div class=\"screen-reader-response\"><p role=\"status\" aria-live=\"polite\" aria-atomic=\"true\"><\/p> <ul><\/ul><\/div>\n<form action=\"\/ca\/wp-json\/wp\/v2\/posts\/1047#wpcf7-f80942-o2\" method=\"post\" class=\"wpcf7-form init\" aria-label=\"Contact form\" novalidate=\"novalidate\" data-status=\"init\">\n<fieldset class=\"hidden-fields-container\"><input type=\"hidden\" name=\"_wpcf7\" value=\"80942\" \/><input type=\"hidden\" name=\"_wpcf7_version\" value=\"6.1.5\" \/><input type=\"hidden\" name=\"_wpcf7_locale\" value=\"es_ES\" \/><input type=\"hidden\" name=\"_wpcf7_unit_tag\" value=\"wpcf7-f80942-o2\" \/><input type=\"hidden\" name=\"_wpcf7_container_post\" value=\"0\" \/><input type=\"hidden\" name=\"_wpcf7_posted_data_hash\" value=\"\" \/>\n<\/fieldset>\n<table style=\"width: 100%; border-collapse: collapse; margin: 20px 0; background: white; border: 1px solid #ddd; color: #333; font-family: sans-serif;\">\n\t<thead>\n\t\t<tr style=\"background-color: #313539; color: white; text-align: left;\">\n\t\t\t<th style=\"padding: 15px;\">\n\t\t\t\t<p>Trabajo y Material Instalado (Caso Real)\n\t\t\t\t<\/p>\n\t\t\t<\/th>\n\t\t\t<th style=\"padding: 15px; width: 120px;\">\n\t\t\t\t<p>Coste Real\n\t\t\t\t<\/p>\n\t\t\t<\/th>\n\t\t<\/tr>\n\t<\/thead>\n\t<tbody>\n\t\t<tr>\n\t\t\t<td style=\"padding: 15px; border-bottom: 1px solid #eee;\">\n\t\t\t\t<p><strong>Demoliciones, revestimientos y pavimentos:<\/strong> Porcel\u00e1nico imitaci\u00f3n m\u00e1rmol y pavimento gris (22\u20ac\/m2)<br \/>\n<span class=\"wpcf7-form-control-wrap\" data-name=\"url_azulejos\"><input size=\"40\" maxlength=\"400\" class=\"wpcf7-form-control wpcf7-url wpcf7-text wpcf7-validates-as-url\" aria-invalid=\"false\" placeholder=\"Pega aqu\u00ed tu URL de azulejos...\" value=\"\" type=\"url\" name=\"url_azulejos\" \/><\/span>\n\t\t\t\t<\/p>\n\t\t\t<\/td>\n\t\t\t<td style=\"padding: 15px; border-bottom: 1px solid #eee; font-weight: bold;\">\n\t\t\t\t<p>1.880\u20ac\n\t\t\t\t<\/p>\n\t\t\t<\/td>\n\t\t<\/tr>\n\t\t<tr style=\"background-color: #fcfcfc;\">\n\t\t\t<td style=\"padding: 15px; border-bottom: 1px solid #eee;\">\n\t\t\t\t<p><strong>WC:<\/strong> Roca Gap Compacto.<br \/>\n<span class=\"wpcf7-form-control-wrap\" data-name=\"url_wc\"><input size=\"40\" maxlength=\"400\" class=\"wpcf7-form-control wpcf7-url wpcf7-text wpcf7-validates-as-url\" aria-invalid=\"false\" placeholder=\"Pega aqu\u00ed tu URL de WC...\" value=\"\" type=\"url\" name=\"url_wc\" \/><\/span>\n\t\t\t\t<\/p>\n\t\t\t<\/td>\n\t\t\t<td style=\"padding: 15px; border-bottom: 1px solid #eee; font-weight: bold;\">\n\t\t\t\t<p>388\u20ac\n\t\t\t\t<\/p>\n\t\t\t<\/td>\n\t\t<\/tr>\n\t\t<tr>\n\t\t\t<td style=\"padding: 15px; border-bottom: 1px solid #eee;\">\n\t\t\t\t<p><strong>Bidet:<\/strong> Roca Gap.<br \/>\n<span class=\"wpcf7-form-control-wrap\" data-name=\"url_bidet\"><input size=\"40\" maxlength=\"400\" class=\"wpcf7-form-control wpcf7-url wpcf7-text wpcf7-validates-as-url\" aria-invalid=\"false\" placeholder=\"Pega aqu\u00ed tu URL de Bidet...\" value=\"\" type=\"url\" name=\"url_bidet\" \/><\/span>\n\t\t\t\t<\/p>\n\t\t\t<\/td>\n\t\t\t<td style=\"padding: 15px; border-bottom: 1px solid #eee; font-weight: bold;\">\n\t\t\t\t<p>242\u20ac\n\t\t\t\t<\/p>\n\t\t\t<\/td>\n\t\t<\/tr>\n\t\t<tr style=\"background-color: #fcfcfc;\">\n\t\t\t<td style=\"padding: 15px; border-bottom: 1px solid #eee;\">\n\t\t\t\t<p><strong>Plato Ducha:<\/strong> Carga mineral 175cm.<br \/>\n<span class=\"wpcf7-form-control-wrap\" data-name=\"url_plato\"><input size=\"40\" maxlength=\"400\" class=\"wpcf7-form-control wpcf7-url wpcf7-text wpcf7-validates-as-url\" aria-invalid=\"false\" placeholder=\"Pega aqu\u00ed tu URL de plato...\" value=\"\" type=\"url\" name=\"url_plato\" \/><\/span>\n\t\t\t\t<\/p>\n\t\t\t<\/td>\n\t\t\t<td style=\"padding: 15px; border-bottom: 1px solid #eee; font-weight: bold;\">\n\t\t\t\t<p>460\u20ac\n\t\t\t\t<\/p>\n\t\t\t<\/td>\n\t\t<\/tr>\n\t\t<tr>\n\t\t\t<td style=\"padding: 15px; border-bottom: 1px solid #eee;\">\n\t\t\t\t<p><strong>Grifer\u00eda:<\/strong> Marca Tres (Ducha, lavabo y bidet).<br \/>\n<span class=\"wpcf7-form-control-wrap\" data-name=\"url_griferia\"><input size=\"40\" maxlength=\"400\" class=\"wpcf7-form-control wpcf7-url wpcf7-text wpcf7-validates-as-url\" aria-invalid=\"false\" placeholder=\"Pega aqu\u00ed tu URL de grifer\u00eda...\" value=\"\" type=\"url\" name=\"url_griferia\" \/><\/span>\n\t\t\t\t<\/p>\n\t\t\t<\/td>\n\t\t\t<td style=\"padding: 15px; border-bottom: 1px solid #eee; font-weight: bold;\">\n\t\t\t\t<p>185\u20ac\n\t\t\t\t<\/p>\n\t\t\t<\/td>\n\t\t<\/tr>\n\t\t<tr style=\"background-color: #fcfcfc;\">\n\t\t\t<td style=\"padding: 15px; border-bottom: 1px solid #eee;\">\n\t\t\t\t<p><strong>Mueble:<\/strong> Salgar Noja 80cm con espejo y aplique.<br \/>\n<span class=\"wpcf7-form-control-wrap\" data-name=\"url_mueble\"><input size=\"40\" maxlength=\"400\" class=\"wpcf7-form-control wpcf7-url wpcf7-text wpcf7-validates-as-url\" aria-invalid=\"false\" placeholder=\"Pega aqu\u00ed tu URL de mueble...\" value=\"\" type=\"url\" name=\"url_mueble\" \/><\/span>\n\t\t\t\t<\/p>\n\t\t\t<\/td>\n\t\t\t<td style=\"padding: 15px; border-bottom: 1px solid #eee; font-weight: bold;\">\n\t\t\t\t<p>480\u20ac\n\t\t\t\t<\/p>\n\t\t\t<\/td>\n\t\t<\/tr>\n\t\t<tr>\n\t\t\t<td style=\"padding: 15px; border-bottom: 1px solid #eee;\">\n\t\t\t\t<p><strong>Mampara:<\/strong> 3 puertas correderas perfil aluminio blanco y tratamiento antical.<br \/>\n<span class=\"wpcf7-form-control-wrap\" data-name=\"url_mampara\"><input size=\"40\" maxlength=\"400\" class=\"wpcf7-form-control wpcf7-url wpcf7-text wpcf7-validates-as-url\" aria-invalid=\"false\" placeholder=\"Pega aqu\u00ed tu URL de mampara...\" value=\"\" type=\"url\" name=\"url_mampara\" \/><\/span>\n\t\t\t\t<\/p>\n\t\t\t<\/td>\n\t\t\t<td style=\"padding: 15px; border-bottom: 1px solid #eee; font-weight: bold;\">\n\t\t\t\t<p>475\u20ac\n\t\t\t\t<\/p>\n\t\t\t<\/td>\n\t\t<\/tr>\n\t\t<tr style=\"background-color: #fcfcfc;\">\n\t\t\t<td style=\"padding: 15px; border-bottom: 1px solid #eee;\">\n\t\t\t\t<p><strong>Fontaner\u00eda, electricidad, techo, iluminaci\u00f3n, pintura, extractor y otros:<\/strong> Precio fijo\n\t\t\t\t<\/p>\n\t\t\t<\/td>\n\t\t\t<td style=\"padding: 15px; border-bottom: 1px solid #eee; font-weight: bold;\">\n\t\t\t\t<p>540\u20ac\n\t\t\t\t<\/p>\n\t\t\t<\/td>\n\t\t<\/tr>\n\t<\/tbody>\n<\/table>\n<div style=\"background: #f4f4f4; padding: 30px; border-radius: 5px; text-align: center; border-top: 4px solid #007bff; font-family: sans-serif;\">\n\t<h4 style=\"margin-top:0; color:#313539; text-transform: uppercase;\">\u00bfValidamos tus materiales?\n\t<\/h4>\n\t<p style=\"color:#666;\">Introduce tu email y comprobaremos la compatibilidad de tus enlaces.\n\t<\/p>\n\t<p><span class=\"wpcf7-form-control-wrap\" data-name=\"your-email\"><input size=\"40\" maxlength=\"400\" class=\"wpcf7-form-control wpcf7-email wpcf7-validates-as-required wpcf7-text wpcf7-validates-as-email\" aria-required=\"true\" aria-invalid=\"false\" placeholder=\"Tu correo electr\u00f3nico (obligatorio)\" value=\"\" type=\"email\" name=\"your-email\" \/><\/span>\n\t<\/p>\n\t<p><input class=\"wpcf7-form-control wpcf7-submit has-spinner\" type=\"submit\" value=\"Send\" \/>\n\t<\/p>\n<\/div><p style=\"display: none !important;\" class=\"akismet-fields-container\" data-prefix=\"_wpcf7_ak_\"><label>&#916;<textarea name=\"_wpcf7_ak_hp_textarea\" cols=\"45\" rows=\"8\" maxlength=\"100\"><\/textarea><\/label><input type=\"hidden\" id=\"ak_js_2\" name=\"_wpcf7_ak_js\" value=\"242\"\/><script type=\"text\/javascript\">\n\/* <![CDATA[ *\/\ndocument.getElementById( \"ak_js_2\" ).setAttribute( \"value\", ( new Date() ).getTime() );\n\/* ]]> *\/\n<\/script>\n<\/p><div class=\"wpcf7-response-output\" aria-hidden=\"true\"><\/div>\n<\/form>\n<\/div>\n<\/p>\n<section id=\"galeria-reforma-real\" style=\"margin: 40px 0; font-family: Arial, sans-serif;\">\n<h2 style=\"border-left: 5px solid #333; padding-left: 15px; margin-bottom: 20px; color: #333;\">Resultat Final: Aix\u00ed va quedar aquest projecte<\/h2>\n<p style=\"color: #666; margin-bottom: 25px;\">Imatges reals del bany despr\u00e9s de la reforma integral. Acabats verificats pel nostre equip a Barcelona:<\/p>\n<div style=\"display: grid; grid-template-columns: repeat(auto-fit, minmax(220px, 1fr)); gap: 15px;\">\n<div style=\"text-align: center;\">\n<p><img decoding=\"async\" style=\"width: 100%; height: 250px; object-fit: cover; border-radius: 8px; border: 1px solid #ddd; box-shadow: 0 2px 5px rgba(0,0,0,0.1);\" src=\"https:\/\/reformasbarcelona.info\/wp-content\/uploads\/2026\/04\/alicatado-y-sanitarios-en-reforma-bano-carrer-clot-sant-marti.-barcelona-scaled.jpg\" alt=\"Reforma integral de bany a Barcelona: Vista general amb rajoles clares\"><\/p>\n<p style=\"font-size: 0.85em; color: #888; margin-top: 8px;\">Vista general de l&#8217;espai optimitzat<\/p>\n<\/div>\n<div style=\"text-align: center;\">\n<p><img decoding=\"async\" style=\"width: 100%; height: 250px; object-fit: cover; border-radius: 8px; border: 1px solid #ddd; box-shadow: 0 2px 5px rgba(0,0,0,0.1);\" src=\"https:\/\/reformasbarcelona.info\/wp-content\/uploads\/2026\/04\/plato-de-ducha-en-reforma-bano-carrer-clot-sant-marti.-barcelona-scaled.jpg\" alt=\"Plat de dutxa de c\u00e0rrega mineral amb mampara de vidre temperat\"><\/p>\n<p style=\"font-size: 0.85em; color: #888; margin-top: 8px;\">Zona de dutxa amb plat antilliscant<\/p>\n<\/div>\n<div style=\"text-align: center;\">\n<p><img decoding=\"async\" style=\"width: 100%; height: 250px; object-fit: cover; border-radius: 8px; border: 1px solid #ddd; box-shadow: 0 2px 5px rgba(0,0,0,0.1);\" src=\"https:\/\/reformasbarcelona.info\/wp-content\/uploads\/2026\/04\/mueble-en-reforma-bano-carrer-clot-sant-marti.-barcelona-scaled.jpg\" alt=\"Moble de bany susp\u00e8s i griferia marca Tres\"><\/p>\n<p style=\"font-size: 0.85em; color: #888; margin-top: 8px;\">Moble susp\u00e8s de 80cm<\/p>\n<\/div>\n<div style=\"text-align: center;\">\n<p><img decoding=\"async\" style=\"width: 100%; height: 250px; object-fit: cover; border-radius: 8px; border: 1px solid #ddd; box-shadow: 0 2px 5px rgba(0,0,0,0.1);\" src=\"https:\/\/reformasbarcelona.info\/wp-content\/uploads\/2026\/04\/mampara-en-reforma-bano-carrer-clot-sant-marti.-barcelona-scaled.jpg\" alt=\"Detall d'enrajolat cer\u00e0mic i juntes impermeables\"><\/p>\n<p style=\"font-size: 0.85em; color: #888; margin-top: 8px;\">Detall d&#8217;acabats i griferia<\/p>\n<\/div>\n<\/div>\n<section style=\"margin-top: 50px; padding-top: 30px; border-top: 1px solid #eee; text-align: center; font-family: sans-serif;\">\n<p style=\"color: #666; font-size: 1.1em; margin-bottom: 25px;\">Prefereixes una estimaci\u00f3 r\u00e0pida sense enlla\u00e7os?<\/p>\n<div style=\"display: flex; flex-wrap: wrap; gap: 20px; justify-content: center;\"><a style=\"background-color: #007bff; color: #ffffff; padding: 18px 30px; text-decoration: none; border-radius: 4px; font-weight: bold; text-transform: uppercase; font-size: 14px; display: inline-block; min-width: 250px; transition: background 0.3s ease;\" href=\"https:\/\/reformasbarcelona.info\/ca\/calcula-quant-costa-reformar-el-teu-bany-en-2-minuts\/\">Fes servir la nostra Calculadora Online<\/a><br \/>\n<a style=\"background-color: #313539; color: #ffffff; padding: 18px 30px; text-decoration: none; border-radius: 4px; font-weight: bold; text-transform: uppercase; font-size: 14px; display: inline-block; min-width: 250px; transition: background 0.3s ease;\" href=\"https:\/\/reformasbarcelona.info\/ca\/reforma-el-teu-bany-per-2999e\/\">Oferta Bany des de 2.999\u20ac<\/a><\/div>\n<\/section>\n<\/section>\n<\/section>\n<p><!-- SECCI\u00d3 DE PREGUNTES FREQ\u00dcENTS (SEO & IA READY) --><\/p>\n<section id=\"faq-reforma-bany\" style=\"margin-top: 50px; padding: 30px; background-color: #f9f9f9; border-radius: 8px; font-family: sans-serif;\">\n<h2 style=\"color: #313539; border-bottom: 2px solid #007bff; padding-bottom: 10px; margin-bottom: 25px;\">Preguntes Freq\u00fcents sobre el Pressupost Real<\/h2>\n<div style=\"margin-bottom: 20px;\">\n<p style=\"font-weight: bold; color: #333; margin-bottom: 5px;\">1. Per qu\u00e8 aquest pressupost real a Sant Mart\u00ed puja a 4.650\u20ac?<\/p>\n<p style=\"color: #666;\">Aquest cost reflecteix una reforma integral de gamma mitjana-alta. Inclou materials de marques de refer\u00e8ncia com <strong>Roca<\/strong> i <strong>Tres<\/strong>, a m\u00e9s de la renovaci\u00f3 total d&#8217;instal\u00b7lacions de fontaneria i electricitat sota normativa, fet que garanteix una durabilitat superior a 20 anys.<\/p>\n<\/div>\n<div style=\"margin-bottom: 20px;\">\n<p style=\"font-weight: bold; color: #333; margin-bottom: 5px;\">2. Quant varia el preu si trio els meus propis materials mitjan\u00e7ant URL?<\/p>\n<p style=\"color: #666;\">El preu final \u00e9s totalment flexible. La m\u00e0 d&#8217;obra sol ser una partida estable, per\u00f2 el pressupost pot oscil\u00b7lar un 20-30% segons el cost de l&#8217;aixeta, el moble o el tipus de rajola que seleccionis en els enlla\u00e7os que ens proporcionis.<\/p>\n<\/div>\n<div style=\"margin-bottom: 20px;\">\n<p style=\"font-weight: bold; color: #333; margin-bottom: 5px;\">3. Estan inclosos els permisos d&#8217;obra de l&#8217;Ajuntament de Barcelona?<\/p>\n<p style=\"color: #666;\">En aquest cas real de 4.650\u20ac, vam tramitar al client de manera gratu\u00efta <a href=\"https:\/\/reformasbarcelona.info\/ca\/com-aconseguir-permisos-dobres-a-barcelona-guia-2026\/\"> l&#8217;<strong>Assabentat d&#8217;Obres<\/strong><\/a>. \u00c9s un tr\u00e0mit obligatori a Barcelona per a reformes de bany que no afectin l&#8217;estructura, i t\u00e9 un cost de taxes municipals a part del pressupost d&#8217;execuci\u00f3.<\/p>\n<\/div>\n<div style=\"margin-bottom: 20px;\">\n<p style=\"font-weight: bold; color: #333; margin-bottom: 5px;\">4. Quant de temps es triga a executar una reforma com la d&#8217;aquest exemple?<\/p>\n<p style=\"color: #666;\">Aquest projecte es va finalitzar en <strong>8 dies h\u00e0bils<\/strong>. El compliment del termini \u00e9s clau per minimitzar les mol\u00e8sties, especialment en habitatges de districtes amb alta densitat com Sant Mart\u00ed o l&#8217;Eixample.<\/p>\n<\/div>\n<\/section>\n<p><\/p>","protected":false},"excerpt":{"rendered":"<p>Cas Real: Reforma Integral de Bany al Districte de Sant Mart\u00ed, Barcelona Client: Particular | <\/p>\n","protected":false},"author":2,"featured_media":80935,"comment_status":"closed","ping_status":"closed","sticky":false,"template":"","format":"standard","meta":{"_seopress_robots_primary_cat":"none","_seopress_titles_title":"Pressupost Real Reforma Bany Barcelona: Exemple i Preus 2026","_seopress_titles_desc":"Quant costa reformar un bany a Barcelona? Analitzem un cas real a Sant Mart\u00ed: desglossament de costos, materials triats i fotos del resultat final.","_seopress_robots_index":"","ngg_post_thumbnail":0,"_ayudawp_aiss_exclude":false,"footnotes":""},"categories":[160],"tags":[843,846,842,844,836,840,847,835,1024,838,1023,758,839,834,837,841,845],"class_list":{"0":"post-1047","1":"post","2":"type-post","3":"status-publish","4":"format-standard","5":"has-post-thumbnail","7":"category-presupuestos","8":"tag-apartment-remodeling-barcelona","9":"tag-barcelona-contractors","10":"tag-bathroom-renovation-barcelona","11":"tag-bathroom-renovation-cost-2026","12":"tag-ejemplo-presupuesto-reforma","13":"tag-exemple-pressupost-bany","14":"tag-materiales-bano-barcelona","15":"tag-precio-reforma-bano-2026","16":"tag-pressupost-reforma-bany","17":"tag-pressupost-reforma-integral","18":"tag-presupuesto-reforma-bano-barcelona","19":"tag-presupuesto-reforma-integral","20":"tag-preu-reforma-bany-2026","21":"tag-reforma-bano-barcelona","22":"tag-reforma-bany-barcelona","23":"tag-reformes-sant-marti","24":"tag-renovation-budget-example"},"_links":{"self":[{"href":"https:\/\/reformasbarcelona.info\/ca\/wp-json\/wp\/v2\/posts\/1047","targetHints":{"allow":["GET"]}}],"collection":[{"href":"https:\/\/reformasbarcelona.info\/ca\/wp-json\/wp\/v2\/posts"}],"about":[{"href":"https:\/\/reformasbarcelona.info\/ca\/wp-json\/wp\/v2\/types\/post"}],"author":[{"embeddable":true,"href":"https:\/\/reformasbarcelona.info\/ca\/wp-json\/wp\/v2\/users\/2"}],"replies":[{"embeddable":true,"href":"https:\/\/reformasbarcelona.info\/ca\/wp-json\/wp\/v2\/comments?post=1047"}],"version-history":[{"count":5,"href":"https:\/\/reformasbarcelona.info\/ca\/wp-json\/wp\/v2\/posts\/1047\/revisions"}],"predecessor-version":[{"id":80982,"href":"https:\/\/reformasbarcelona.info\/ca\/wp-json\/wp\/v2\/posts\/1047\/revisions\/80982"}],"wp:featuredmedia":[{"embeddable":true,"href":"https:\/\/reformasbarcelona.info\/ca\/wp-json\/wp\/v2\/media\/80935"}],"wp:attachment":[{"href":"https:\/\/reformasbarcelona.info\/ca\/wp-json\/wp\/v2\/media?parent=1047"}],"wp:term":[{"taxonomy":"category","embeddable":true,"href":"https:\/\/reformasbarcelona.info\/ca\/wp-json\/wp\/v2\/categories?post=1047"},{"taxonomy":"post_tag","embeddable":true,"href":"https:\/\/reformasbarcelona.info\/ca\/wp-json\/wp\/v2\/tags?post=1047"}],"curies":[{"name":"wp","href":"https:\/\/api.w.org\/{rel}","templated":true}]}}